{"id":5970,"date":"2025-02-11T10:34:26","date_gmt":"2025-02-11T10:34:26","guid":{"rendered":"https:\/\/contabilitatehrn.ro\/2025\/02\/11\/gaura-neagra-de-la-apavil-primarii-din-valcea-fortati-sa-plateasca-pierderile-imense-din\/"},"modified":"2025-02-11T10:34:26","modified_gmt":"2025-02-11T10:34:26","slug":"gaura-neagra-de-la-apavil-primarii-din-valcea-fortati-sa-plateasca-pierderile-imense-din","status":"publish","type":"post","link":"https:\/\/contabilitatehrn.ro\/?p=5970","title":{"rendered":"Gaura neagr\u0103 de la Apavil: Primarii din V\u00e2lcea, for\u021ba\u021bi s\u0103 pl\u0103teasc\u0103 pierderile imense din &#8230;"},"content":{"rendered":"<p>Citeste aici articolul: <a href=\"https:\/\/www.google.com\/url?rct=j&amp;sa=t&amp;url=https:\/\/seintamplainvalcea.ro\/2025\/02\/11\/gaura-neagra-de-la-apavil-primarii-din-valcea-fortati-sa-plateasca-pierderile-imense-din-reteaua-de-apa-si-canalizare\/&amp;ct=ga&amp;cd=CAIyGjI2YmFlODhmMzNlYTcwNDU6Y29tOnJvOlVT&amp;usg=AOvVaw0FdH-JUjgtXvY2X1cAcJDh\" target=\"_blank\" class=\"feedzy-rss-link-icon\">Read More<\/a><\/p>","protected":false},"excerpt":{"rendered":"<p>Citeste aici articolul: Read More<\/p>\n","protected":false},"author":0,"featured_media":0,"comment_status":"open","ping_status":"closed","sticky":false,"template":"","format":"standard","meta":{"footnotes":""},"categories":[1],"tags":[],"class_list":["post-5970","post","type-post","status-publish","format-standard","hentry","category-uncategorized"],"_links":{"self":[{"href":"https:\/\/contabilitatehrn.ro\/index.php?rest_route=\/wp\/v2\/posts\/5970","targetHints":{"allow":["GET"]}}],"collection":[{"href":"https:\/\/contabilitatehrn.ro\/index.php?rest_route=\/wp\/v2\/posts"}],"about":[{"href":"https:\/\/contabilitatehrn.ro\/index.php?rest_route=\/wp\/v2\/types\/post"}],"replies":[{"embeddable":true,"href":"https:\/\/contabilitatehrn.ro\/index.php?rest_route=%2Fwp%2Fv2%2Fcomments&post=5970"}],"version-history":[{"count":0,"href":"https:\/\/contabilitatehrn.ro\/index.php?rest_route=\/wp\/v2\/posts\/5970\/revisions"}],"wp:attachment":[{"href":"https:\/\/contabilitatehrn.ro\/index.php?rest_route=%2Fwp%2Fv2%2Fmedia&parent=5970"}],"wp:term":[{"taxonomy":"category","embeddable":true,"href":"https:\/\/contabilitatehrn.ro\/index.php?rest_route=%2Fwp%2Fv2%2Fcategories&post=5970"},{"taxonomy":"post_tag","embeddable":true,"href":"https:\/\/contabilitatehrn.ro\/index.php?rest_route=%2Fwp%2Fv2%2Ftags&post=5970"}],"curies":[{"name":"wp","href":"https:\/\/api.w.org\/{rel}","templated":true}]}}