{"id":1375,"date":"2024-09-03T21:30:49","date_gmt":"2024-09-03T21:30:49","guid":{"rendered":"https:\/\/contabilitatehrn.ro\/2024\/09\/03\/ce-spun-analistii-despre-amnistia-fiscala-anuntata-de-executiv-imi-este-greu-sa-cred-ca\/"},"modified":"2024-09-03T21:30:49","modified_gmt":"2024-09-03T21:30:49","slug":"ce-spun-analistii-despre-amnistia-fiscala-anuntata-de-executiv-imi-este-greu-sa-cred-ca","status":"publish","type":"post","link":"https:\/\/contabilitatehrn.ro\/?p=1375","title":{"rendered":"Ce spun anali\u0219tii despre amnistia fiscal\u0103 anun\u021bat\u0103 de Executiv: \u201e\u00cemi este greu s\u0103 cred c\u0103 &#8230;"},"content":{"rendered":"<p>Citeste aici articolul: <a href=\"https:\/\/www.google.com\/url?rct=j&amp;sa=t&amp;url=https:\/\/romania.europalibera.org\/a\/amnistie-fiscala-marcel-ciolacu-rauplatnici\/33104490.html&amp;ct=ga&amp;cd=CAIyGjI2YmFlODhmMzNlYTcwNDU6Y29tOnJvOlVT&amp;usg=AOvVaw1Z4Q6qB4VtsHjsFErZjtIQ\" target=\"_blank\" class=\"feedzy-rss-link-icon\" rel=\"noopener\">Read More<\/a><\/p>","protected":false},"excerpt":{"rendered":"<p>Citeste aici articolul: Read More<\/p>\n","protected":false},"author":0,"featured_media":0,"comment_status":"open","ping_status":"closed","sticky":false,"template":"","format":"standard","meta":{"footnotes":""},"categories":[1],"tags":[],"class_list":["post-1375","post","type-post","status-publish","format-standard","hentry","category-uncategorized"],"_links":{"self":[{"href":"https:\/\/contabilitatehrn.ro\/index.php?rest_route=\/wp\/v2\/posts\/1375","targetHints":{"allow":["GET"]}}],"collection":[{"href":"https:\/\/contabilitatehrn.ro\/index.php?rest_route=\/wp\/v2\/posts"}],"about":[{"href":"https:\/\/contabilitatehrn.ro\/index.php?rest_route=\/wp\/v2\/types\/post"}],"replies":[{"embeddable":true,"href":"https:\/\/contabilitatehrn.ro\/index.php?rest_route=%2Fwp%2Fv2%2Fcomments&post=1375"}],"version-history":[{"count":0,"href":"https:\/\/contabilitatehrn.ro\/index.php?rest_route=\/wp\/v2\/posts\/1375\/revisions"}],"wp:attachment":[{"href":"https:\/\/contabilitatehrn.ro\/index.php?rest_route=%2Fwp%2Fv2%2Fmedia&parent=1375"}],"wp:term":[{"taxonomy":"category","embeddable":true,"href":"https:\/\/contabilitatehrn.ro\/index.php?rest_route=%2Fwp%2Fv2%2Fcategories&post=1375"},{"taxonomy":"post_tag","embeddable":true,"href":"https:\/\/contabilitatehrn.ro\/index.php?rest_route=%2Fwp%2Fv2%2Ftags&post=1375"}],"curies":[{"name":"wp","href":"https:\/\/api.w.org\/{rel}","templated":true}]}}